{"id":1094,"date":"2018-09-30T17:59:29","date_gmt":"2018-09-30T15:59:29","guid":{"rendered":"http:\/\/quentinguillon.com\/?p=1094"},"modified":"2023-06-28T11:01:20","modified_gmt":"2023-06-28T09:01:20","slug":"laurent-jalabert-qui-ne-peut-pas-prendre-valverde-en-exemple-mais-personne","status":"publish","type":"post","link":"https:\/\/quentinguillon.com\/index.php\/2018\/09\/30\/laurent-jalabert-qui-ne-peut-pas-prendre-valverde-en-exemple-mais-personne\/","title":{"rendered":"Laurent Jalabert : \u00ab\u00a0Qui ne peut pas prendre Valverde en exemple\u00a0?\u00a0\u00bb Mais personne\u00a0!"},"content":{"rendered":"<p><em>\u00ab\u00a0Qui ne peut pas prendre Valverde en exemple\u00a0?\u00a0\u00bb<\/em>. C\u2019est ce qu\u2019a os\u00e9 d\u00e9clarer en direct sur France 3\u00a0<strong>Laurent Jalabert<\/strong>, suite la victoire de l\u2019Espagnol aux championnats du Monde de cyclisme, ce dimanche 30 septembre \u00e0 Innsbr\u00fcck en Espagne, devant le Fran\u00e7ais Romain Bardet.<\/p>\n<p>Mais <strong>personne<\/strong> ne devrait le prendre en exemple\u00a0!<\/p>\n<p>Alejandro Valverde, pour rappel, a \u00e9t\u00e9 <strong>suspendu deux ans, en 2010<\/strong>, pour son implication dans l\u2019affaire Puerto (le Comit\u00e9 national olympique italien \u2013CONI- l\u2019avait d\u00e9j\u00e0 suspendu en 2009 de toutes comp\u00e9titions sur le sol italien, et il n\u2019avait pu, pour cette raison, disputer le Tour de France, qui faisait un crochet dans la P\u00e9ninsule).<\/p>\n<p><strong>Affaire Puerto<\/strong> sur laquelle <span style=\"color: #ebb667;\"><a style=\"color: #ebb667;\" href=\"https:\/\/spe15.fr\/dopage-les-coupables-dans-laffaire-puerto-en-espagne-ne-seront-pas-sanctionnes\/\" target=\"_blank\" rel=\"noopener\">toute la lumi\u00e8re n\u2019a pas \u00e9t\u00e9 \u2013et ne sera pas-<\/a><\/span> faite.<\/p>\n<p>Bien s\u00fbr, on peut toujours arguer le droit \u00e0 la seconde chance. C\u2019est m\u00eame essentiel dans notre soci\u00e9t\u00e9, comme le rappelait le lanceur de marteau Quentin Bigot dans cette <span style=\"color: #ebb667;\"><a style=\"color: #ebb667;\" href=\"http:\/\/quentinguillon.com\/index.php\/2016\/10\/10\/pierre-jean-vazel-et-quentin-bigot-limprobable-duo\/\" target=\"_blank\" rel=\"noopener\">interview<\/a><\/span>.<\/p>\n<blockquote><p><strong><em>Revenu \u00e0 une vitesse \u00e9tourdissante<\/em><\/strong><\/p><\/blockquote>\n<p>Mais que dire, quand on suit la courbe des performances d\u2019Alejandro Valverde ? De retour de suspension, en 2012, ses r\u00e9sultats ont presque connu une ascension aussi rapide que la vitesse \u00e0 laquelle il debo\u00eete, alors que le poids des ann\u00e9es aurait d\u00fb commencer \u00e0 se faire sentir \u2013il a aujourd\u2019hui 38 ans.<\/p>\n<p>Il fut ainsi num\u00e9ro 1 mondial en 2014 et 2015, grimpa sur le podium du Tour 2015, et remporta entre 2014 et 2018 quatre fois la Fl\u00e8che Wallonne (plus une deuxi\u00e8me place cette ann\u00e9e derri\u00e8re Julian Alaphilippe) et deux fois Li\u00e8ge-Bastogne-Li\u00e8ge, parmi moult autres succ\u00e8s.<\/p>\n<p>Ah oui\u00a0! L\u2019exp\u00e9rience, sans doute.<\/p>\n<p>L\u2019an dernier, il avait quitt\u00e9 pr\u00e9matur\u00e9ment le Tour de France, apr\u00e8s <strong>une chute spectaculaire<\/strong>, qui signait, avait-on alors entendu, la fin de sa carri\u00e8re.<\/p>\n<p>Las, l\u2019Espagnol revenait aux affaires \u00e0 une vitesse \u00e9tourdissante, et entamait l\u2019ann\u00e9e 2018 sur les chapeaux de roues \u2013s\u00fbrement pas voil\u00e9es, les roues.<\/p>\n<blockquote><p><strong>Epoque r\u00e9volue ?<\/strong><\/p><\/blockquote>\n<p><em>\u00ab\u00a0Il est pr\u00e9sent sur l\u2019ensemble de la saison. C\u2019est un champion exceptionnel\u00a0\u00bb<\/em> clamait en substance Laurent Jalabert.<\/p>\n<p>C\u2019est peut-\u00eatre \u00e7a, aussi, le probl\u00e8me\u00a0: il existe des <strong>pics de forme<\/strong>, non\u00a0? Trois semaines apr\u00e8s la Vuelta o\u00f9 il avait, quand m\u00eame, craqu\u00e9 sur les deux derniers jours, Valverde a retrouv\u00e9 le surcro\u00eet de fra\u00eecheur pour s\u2019imposer au Mondial \u00e0 Innsbr\u00fcck, quinze apr\u00e8s sa premi\u00e8re m\u00e9daille lors d\u2019un Mondial (la septi\u00e8me au total, la premi\u00e8re en or).<\/p>\n<p>Quinze ans apr\u00e8s. C&#8217;est une \u00e9poque d\u00e9sormais r\u00e9volue, dit-on aujourd\u2019hui, ce qui n\u2019emp\u00eache pas, au demeurant, les m\u00e9dias de constamment vanter sans recul aucun les <em>\u00ab\u00a0champions\u00a0\u00bb<\/em> vainqueurs de classiques ou Grands Tours de cette p\u00e9riode post ann\u00e9es 90, marqu\u00e9e par l\u2019EPO et un dopage galopants. A l&#8217;exception du banni Armstrong, bien s\u00fbr, que tant de m\u00e9dias avaient cajol\u00e9 durant toute sa carri\u00e8re.<\/p>\n<p>Preuve que le cyclisme n\u2019aurait pas \u2013tant- chang\u00e9 que cela\u00a0?<\/p>\n<p>Ce qui questionne, surtout, c\u2019est <strong>l\u2019absence totale de recul des commentateurs<\/strong> du service public. Si le journaliste Alexandre Pasteur a tout juste susurr\u00e9, presque murmur\u00e9 apr\u00e8s un \u00e9loge du champion du Monde v\u00e9t\u00e9ran, le fait qu&#8217;il ait glan\u00e9 sa premi\u00e8re m\u00e9daille mondiale \u00e0 l\u2019or\u00e9e des ann\u00e9es 2000, en plein dans les <em>\u00ab\u00a0ann\u00e9es toxiques\u00a0\u00bb<\/em> du cyclisme, c\u2019\u00e9tait pour mieux, dans la foul\u00e9e, scander sa grandeur d\u2019\u00e2me.<\/p>\n<p><em>\u00ab\u00a0Humainement, il est au-dessus de la moyenne\u00a0\u00bb<\/em>.<\/p>\n<blockquote><p><strong>Martin Fourcade avait temp\u00eat\u00e9<\/strong><\/p><\/blockquote>\n<p>Quant \u00e0 Laurent Jalabert (la seconde consultante, Marion Rousse est rest\u00e9e plus en retrait), <strong>il chante \u00e0 longueur d\u2019antenne l\u2019\u00e9loge de l\u2019Ib\u00e9rique<\/strong>. C\u2019est que \u00ab\u00a0Jaja\u00a0\u00bb, idole des foules, d\u00e9fend ardemment sa profession, m\u00eame avec un vent pleine gueule.<\/p>\n<p>N\u2019avait-il pas d\u00e9clar\u00e9, en 2012, que Lance Armstrong restait <em>\u00ab\u00a0\u00e0 ses yeux un immense champion\u00a0\u00bb\u00a0<\/em>?<\/p>\n<p>Doit-on rappeler que des tests r\u00e9troactifs men\u00e9s en 2004 et exhum\u00e9s par une commission d\u2019enqu\u00eate s\u00e9natoriale avaient d\u00e9cel\u00e9 la pr\u00e9sence d\u2019EPO\u00a0sur des \u00e9chantillons pr\u00e9lev\u00e9s sur le fameux Tour 98 (lire <span style=\"color: #ebb667;\"><a style=\"color: #ebb667;\" href=\"http:\/\/www.cyclisme-dopage.com\/portraits\/jalabert.htm\" target=\"_blank\" rel=\"noopener\">ici<\/a> <\/span>et <span style=\"color: #ebb667;\"><a style=\"color: #ebb667;\" href=\"https:\/\/abonnes.lemonde.fr\/sport\/article\/2015\/02\/27\/dopage-ou-l-on-reparle-de-la-collaboration-de-jalabert-avec-le-docteur-ferrari_4584700_3242.html?\" target=\"_blank\" rel=\"noopener\">l\u00e0<\/a><\/span>) ?<\/p>\n<p>L\u2019annonce, rendue publique en juin 2013, l\u2019avait oblig\u00e9 \u00e0 <strong>renoncer \u00e0 commenter le Tour de France 2013<\/strong>. Mais c\u2019\u00e9tait pour mieux revenir aux affaires, l\u2019ann\u00e9e suivante.<\/p>\n<p>Martin Fourcade avait alors temp\u00eat\u00e9\u00a0: C\u2019est une <em>\u00ab\u00a0honte\u00a0que le service public l\u2019embauche\u00a0\u00bb<\/em>.<\/p>\n<p>Si, \u00e0 plusieurs reprises, Laurent Jalabert fut moins enclin \u00e0 s\u2019enthousiasmer pour Christopher Froome -jouant l\u00e0 son r\u00f4le de consultant, il <strong>vante inlassablement<\/strong> les m\u00e9rites de Valverde avec lequel il noue visiblement une certaine proximit\u00e9.<\/p>\n<p><em>\u00ab Alejandro Valverde est un magnifique ambassadeur du cyclisme \u00bb<\/em>\u00a0poursuivait avec verve le natif de Mazamet, num\u00e9ro un mondial en 1995, 1996 et 1997 et sans doute \u00e9mu par les larmes et la profonde joie de l&#8217;Espagnol.<\/p>\n<p>Plut\u00f4t que de mettre en exergue le comportement d&#8217;un Tim Wellens, <span style=\"color: #ebb667;\"><a style=\"color: #ebb667;\" href=\"https:\/\/www.rtbf.be\/sport\/cyclisme\/tourdefrance\/detail_abandon-de-tim-wellens-premier-belge-a-quitter-le-tour?id=9661421\" target=\"_blank\" rel=\"noopener\">qui refuse les AUT<\/a><\/span>, m\u00eame apr\u00e8s une piq\u00fbre d&#8217;insecte, ce qui avait conduit le Belge \u00e0 se retirer du Tour de France en 2017, Laurent Jalabert a visiblement d&#8217;autres mod\u00e8les.<\/p>\n<p>Est-ce vraiment le bon exemple \u00e0 montrer aux gamins des \u00e9coles de v\u00e9lo?<\/p>\n<p>Mais tant que personne, sur le service public, ne s&#8217;en \u00e9meut&#8230;<\/p>\n","protected":false},"excerpt":{"rendered":"<p>\u00ab\u00a0Qui ne peut pas prendre Valverde en exemple\u00a0?\u00a0\u00bb. C\u2019est ce qu\u2019a os\u00e9 d\u00e9clarer en direct sur France 3\u00a0Laurent Jalabert, suite la victoire de l\u2019Espagnol aux championnats du Monde de cyclisme, ce dimanche 30 septembre \u00e0 Innsbr\u00fcck en Espagne, devant le Fran\u00e7ais Romain Bardet. Mais personne ne devrait le prendre en exemple\u00a0! Alejandro Valverde, pour rappel, [&hellip;]<\/p>\n","protected":false},"author":1,"featured_media":1096,"comment_status":"open","ping_status":"open","sticky":false,"template":"","format":"standard","meta":[],"categories":[5],"tags":[147,146,37,148],"_links":{"self":[{"href":"https:\/\/quentinguillon.com\/index.php\/wp-json\/wp\/v2\/posts\/1094"}],"collection":[{"href":"https:\/\/quentinguillon.com\/index.php\/wp-json\/wp\/v2\/posts"}],"about":[{"href":"https:\/\/quentinguillon.com\/index.php\/wp-json\/wp\/v2\/types\/post"}],"author":[{"embeddable":true,"href":"https:\/\/quentinguillon.com\/index.php\/wp-json\/wp\/v2\/users\/1"}],"replies":[{"embeddable":true,"href":"https:\/\/quentinguillon.com\/index.php\/wp-json\/wp\/v2\/comments?post=1094"}],"version-history":[{"count":4,"href":"https:\/\/quentinguillon.com\/index.php\/wp-json\/wp\/v2\/posts\/1094\/revisions"}],"predecessor-version":[{"id":1099,"href":"https:\/\/quentinguillon.com\/index.php\/wp-json\/wp\/v2\/posts\/1094\/revisions\/1099"}],"wp:featuredmedia":[{"embeddable":true,"href":"https:\/\/quentinguillon.com\/index.php\/wp-json\/wp\/v2\/media\/1096"}],"wp:attachment":[{"href":"https:\/\/quentinguillon.com\/index.php\/wp-json\/wp\/v2\/media?parent=1094"}],"wp:term":[{"taxonomy":"category","embeddable":true,"href":"https:\/\/quentinguillon.com\/index.php\/wp-json\/wp\/v2\/categories?post=1094"},{"taxonomy":"post_tag","embeddable":true,"href":"https:\/\/quentinguillon.com\/index.php\/wp-json\/wp\/v2\/tags?post=1094"}],"curies":[{"name":"wp","href":"https:\/\/api.w.org\/{rel}","templated":true}]}}