{"id":1557,"date":"2020-01-27T09:06:05","date_gmt":"2020-01-27T08:06:05","guid":{"rendered":"http:\/\/quentinguillon.com\/?p=1557"},"modified":"2023-06-28T11:00:01","modified_gmt":"2023-06-28T09:00:01","slug":"brexit-linquietude-grandit-chez-les-expatries-francais-sud-ouest-dimanche","status":"publish","type":"post","link":"https:\/\/quentinguillon.com\/index.php\/2020\/01\/27\/brexit-linquietude-grandit-chez-les-expatries-francais-sud-ouest-dimanche\/","title":{"rendered":"Brexit\u00a0: l\u2019inqui\u00e9tude grandit chez les expatri\u00e9s fran\u00e7ais (Sud Ouest Dimanche)"},"content":{"rendered":"<p><strong>Le Parlement Europ\u00e9en doit ratifier l\u2019accord de sortie du Royaume-Uni mercredi prochain. Une p\u00e9riode de transition est pr\u00e9vue jusqu\u2019au 31 d\u00e9cembre 2020. Que cela change t-il pour les 300\u00a0000 expatri\u00e9s Fran\u00e7ais\u00a0?<\/strong><\/p>\n<p>Cela fait pr\u00e8s de 20 ans qu\u2019Isabelle Vergeron vit \u00e0 Southampton. Elle dit son \u00ab\u00a0d\u00e9sarroi\u00a0\u00bb depuis ce 23 juin 2016 lorsque les Britanniques ont vot\u00e9 \u00e0 51,9% pour la sortie du Royaume-Uni de l\u2019Union Europ\u00e9enne (UE). <span style=\"color: #ebb667;\"><strong>\u00ab\u00a0Ce vote a ouvert les vannes \u00e0 un racisme et une x\u00e9nophobie latents<\/strong>.<\/span> J\u2019ai depuis pris la double nationalit\u00e9, en raison de ce climat. Mais je me sens uniquement Fran\u00e7aise et Europ\u00e9enne \u00bb. Apr\u00e8s plus de trois ans de palabres, le premier ministre Boris Johnson va finalement r\u00e9aliser le Brexit. Une <strong><span style=\"color: #ebb667;\">p\u00e9riode de transition<\/span> <\/strong>s\u2019ouvre vendredi 31 janvier, jusqu\u2019au 31 d\u00e9cembre 2020 (en th\u00e9orie), pendant laquelle Londres et Bruxelles doivent n\u00e9gocier de nouveaux accords. Quelles sont les <strong><span style=\"color: #ebb667;\">cons\u00e9quences pour les 3,2 millions de ressortissants europ\u00e9ens<\/span><\/strong>, parmi lesquels environ 300\u00a0000 Fran\u00e7ais?<\/p>\n<p>Reportage paru dans Sud Ouest Dimanche,\u00a0<a href=\"https:\/\/www.sudouest.fr\/2020\/01\/25\/les-expats-francais-sont-inquiets-7109010-10142.php\"><span style=\"color: #ebb667;\">dimanche 26 janvier 2020<\/span><\/a>(pointez votre curseur en bas \u00e0 gauche de l\u2019article pour lire la seconde page).<\/p>\n<p align=\"center\"><a href=\"https:\/\/quentinguillon.com\/wp-content\/uploads\/2020\/01\/2020-01-26-Brexit.pdf\" class=\"pdfemb-viewer\" style=\"\" data-width=\"max\" data-height=\"max\"  data-toolbar=\"bottom\" data-toolbar-fixed=\"off\">2020-01-26 Brexit<br\/><\/a><\/p>\n","protected":false},"excerpt":{"rendered":"<p>Le Parlement Europ\u00e9en doit ratifier l\u2019accord de sortie du Royaume-Uni mercredi prochain. Une p\u00e9riode de transition est pr\u00e9vue jusqu\u2019au 31 d\u00e9cembre 2020. Que cela change t-il pour les 300\u00a0000 expatri\u00e9s Fran\u00e7ais\u00a0? Cela fait pr\u00e8s de 20 ans qu\u2019Isabelle Vergeron vit \u00e0 Southampton. Elle dit son \u00ab\u00a0d\u00e9sarroi\u00a0\u00bb depuis ce 23 juin 2016 lorsque les Britanniques ont [&hellip;]<\/p>\n","protected":false},"author":1,"featured_media":1559,"comment_status":"open","ping_status":"open","sticky":false,"template":"","format":"standard","meta":[],"categories":[13],"tags":[236,76],"_links":{"self":[{"href":"https:\/\/quentinguillon.com\/index.php\/wp-json\/wp\/v2\/posts\/1557"}],"collection":[{"href":"https:\/\/quentinguillon.com\/index.php\/wp-json\/wp\/v2\/posts"}],"about":[{"href":"https:\/\/quentinguillon.com\/index.php\/wp-json\/wp\/v2\/types\/post"}],"author":[{"embeddable":true,"href":"https:\/\/quentinguillon.com\/index.php\/wp-json\/wp\/v2\/users\/1"}],"replies":[{"embeddable":true,"href":"https:\/\/quentinguillon.com\/index.php\/wp-json\/wp\/v2\/comments?post=1557"}],"version-history":[{"count":2,"href":"https:\/\/quentinguillon.com\/index.php\/wp-json\/wp\/v2\/posts\/1557\/revisions"}],"predecessor-version":[{"id":1561,"href":"https:\/\/quentinguillon.com\/index.php\/wp-json\/wp\/v2\/posts\/1557\/revisions\/1561"}],"wp:featuredmedia":[{"embeddable":true,"href":"https:\/\/quentinguillon.com\/index.php\/wp-json\/wp\/v2\/media\/1559"}],"wp:attachment":[{"href":"https:\/\/quentinguillon.com\/index.php\/wp-json\/wp\/v2\/media?parent=1557"}],"wp:term":[{"taxonomy":"category","embeddable":true,"href":"https:\/\/quentinguillon.com\/index.php\/wp-json\/wp\/v2\/categories?post=1557"},{"taxonomy":"post_tag","embeddable":true,"href":"https:\/\/quentinguillon.com\/index.php\/wp-json\/wp\/v2\/tags?post=1557"}],"curies":[{"name":"wp","href":"https:\/\/api.w.org\/{rel}","templated":true}]}}