{"id":2739,"date":"2022-11-13T19:27:57","date_gmt":"2022-11-13T18:27:57","guid":{"rendered":"http:\/\/quentinguillon.com\/?p=2739"},"modified":"2022-11-13T19:45:25","modified_gmt":"2022-11-13T18:45:25","slug":"proces-de-benjamin-mendy-lequipe","status":"publish","type":"post","link":"https:\/\/quentinguillon.com\/index.php\/2022\/11\/13\/proces-de-benjamin-mendy-lequipe\/","title":{"rendered":"Proc\u00e8s de Benjamin Mendy (L&#8217;Equipe)"},"content":{"rendered":"\n<p>&#8220;<a href=\"https:\/\/www.lequipe.fr\/Football\/Article\/Benjamin-mendy-je-ne-peux-pas-crier-que-j-aime-le-sexe\/1363689\" target=\"_blank\" rel=\"noreferrer noopener\">Il est 14h52 heure locale (15h52 <\/a>en France), ce lundi, quand Benjamin Mendy quitte le box des accus\u00e9s et s&#8217;assoit, au c\u00f4t\u00e9 d&#8217;une interpr\u00e8te, face aux douze jur\u00e9s du Crown Court de Chester (Cheshire). Le moment est tr\u00e8s attendu depuis le proc\u00e8s entam\u00e9 le 10&nbsp;ao\u00fbt. Benjamin Mendy avait alors l\u00e2ch\u00e9 deux mots&nbsp;:&nbsp;<em>\u00ab&nbsp;not guilty&nbsp;\u00bb,&nbsp;\u00ab&nbsp;non coupable&nbsp;\u00bb<\/em>&nbsp;des nombreuses charges qui p\u00e8sent contre lui&nbsp;: huit viols, une tentative de viol et une agression sexuelle sur sept jeunes femmes (une charge a depuis \u00e9t\u00e9 abandonn\u00e9e faute de preuves suffisantes). Lorsqu&#8217;il s&#8217;assoit, le juge Steven Everett pr\u00e9cise au Mancunien qu&#8217;il est&nbsp;<em>\u00ab&nbsp;parfaitement libre de r\u00e9pondre en Fran\u00e7ais, ou en anglais&nbsp;\u00bb<\/em>. Mendy pr\u00eate serment.<\/p>\n\n\n\n<p><em>\u00ab&nbsp;Vous \u00eates la premi\u00e8re personne de votre famille \u00e0 gagner autant d&#8217;argent&nbsp;?&nbsp;\u00bb&nbsp;<\/em>demande Eleanor Laws. La principale avocate plaidante (barrister) du natif de Longjumeau le questionne rapidement sur son enfance, le niveau de vie de sa famille, et la progression de sa carri\u00e8re avant son arriv\u00e9e \u00e0 Manchester City, en 2017.&nbsp;<em>\u00ab&nbsp;C&#8217;\u00e9tait un r\u00eave. Tout a chang\u00e9&nbsp;\u00bb<\/em>, assure son client, en anglais comme tout au long de son t\u00e9moignage.<\/p>\n\n\n\n<blockquote class=\"wp-block-quote is-style-large\"><p><sub><sup><strong>\u00ab\u00a0Je ne suis pas Brad Pitt. Je sais que les femmes ne viennent pas vers moi \u00e0 cause de mon look, mais parce que le football donne acc\u00e8s \u00e0 plein de choses.\u00a0\u00bb<\/strong><\/sup><\/sub><\/p><\/blockquote>\n\n\n\n<p>C&#8217;est tr\u00e8s vite apr\u00e8s son transfert de 58&nbsp;M\u20ac que le lat\u00e9ral gauche dit avoir rencontr\u00e9 dans une bo\u00eete de nuit Louis Saha Matturie (sans lien avec l&#8217;ancien attaquant fran\u00e7ais Louis Saha), 41 ans et co-accus\u00e9 dans cette affaire (six viols et une tentative du viol sur sept femmes, accusations qu&#8217;il nie aussi en bloc). Mendy assure que Matturie n&#8217;\u00e9tait pas employ\u00e9 officiellement mais l&#8217;assistait dans les t\u00e2ches quotidiennes.&#8221;<\/p>\n\n\n\n<p><mark style=\"background-color:rgba(0, 0, 0, 0)\" class=\"has-inline-color has-luminous-vivid-amber-color\">Reportage <a rel=\"noreferrer noopener\" href=\"https:\/\/www.lequipe.fr\/Football\/Article\/Benjamin-mendy-je-ne-peux-pas-crier-que-j-aime-le-sexe\/1363689\" target=\"_blank\">paru dans le journal du mardi 8 novembre<\/a> <\/mark><\/p>\n\n\n\n<p>(Faites d\u00e9filer le PDF en bas \u00e0 gauche)<\/p>\n\n\n<p align=\"center\"><a href=\"https:\/\/quentinguillon.com\/wp-content\/uploads\/2022\/11\/2022-11-11-Proces-de-Benjamin-Mendy-_-a-lecoute-des-temoignages-de-ses-proches-laccuse-a-pleure-LEquipe.pdf\" class=\"pdfemb-viewer\" style=\"\" data-width=\"max\" data-height=\"max\"  data-toolbar=\"bottom\" data-toolbar-fixed=\"off\">2022-11-11-Proces-de-Benjamin-Mendy-_-a-lecoute-des-temoignages-de-ses-proches-laccuse-a-pleure-LEquipe<br\/><\/a> <\/p>\n\n\n<\/p>\n<p><mark style=\"background-color:rgba(0, 0, 0, 0)\" class=\"has-inline-color has-luminous-vivid-amber-color\">Reportage <a rel=\"noreferrer noopener\" href=\"https:\/\/www.lequipe.fr\/Football\/Article\/Deux-versions-qui-s-opposent-au-proces-de-benjamin-mendy\/1363882\" target=\"_blank\">paru dans le journal du mercredi 9 novembre :<\/a><\/mark><\/p>\n<p>\n\n\n<p><\/p>\n<p align=\"center\"><a href=\"https:\/\/quentinguillon.com\/wp-content\/uploads\/2022\/11\/2022-11-09-Deux-versions-qui-sopposent-au-proces-de-Benjamin-Mendy-LEquipe.pdf\" class=\"pdfemb-viewer\" style=\"\" data-width=\"max\" data-height=\"max\"  data-toolbar=\"bottom\" data-toolbar-fixed=\"off\">2022-11-09-Deux-versions-qui-sopposent-au-proces-de-Benjamin-Mendy-LEquipe<br\/><\/a> <\/p>\n<p><\/p>\n\n\n<\/p>\n<p><mark style=\"background-color:rgba(0, 0, 0, 0)\" class=\"has-inline-color has-luminous-vivid-amber-color\">Reportage<a rel=\"noreferrer noopener\" href=\"https:\/\/www.lequipe.fr\/Football\/Article\/Benjamin-mendy-nie-toutes-les-accusations-de-viol-lors-de-son-proces\/1364034\" target=\"_blank\"> paru dans le journal du jeudi 10 novembre <\/a>:<\/mark><\/p>\n<p>\n\n\n<p><\/p>\n<p align=\"center\"><a href=\"https:\/\/quentinguillon.com\/wp-content\/uploads\/2022\/11\/2022-11-10-Benjamin-Mendy-nie-toutes-les-accusations-de-viol-lors-de-son-proces-LEquipe.pdf\" class=\"pdfemb-viewer\" style=\"\" data-width=\"max\" data-height=\"max\"  data-toolbar=\"bottom\" data-toolbar-fixed=\"off\">2022-11-10-Benjamin-Mendy-nie-toutes-les-accusations-de-viol-lors-de-son-proces-LEquipe<br\/><\/a> <\/p>\n<p><\/p>\n<p><\/p><p><mark style=\"background-color:rgba(0, 0, 0, 0)\" class=\"has-inline-color has-luminous-vivid-amber-color\">Reportage<a rel=\"noreferrer noopener\" href=\"https:\/\/www.lequipe.fr\/Football\/Article\/Proces-de-benjamin-mendy-a-l-ecoute-des-temoignages-de-ses-proches-l-accuse-a-craque\/1364217\" target=\"_blank\"> paru dans le journal du ven<\/a><\/mark><a rel=\"noreferrer noopener\" href=\"https:\/\/www.lequipe.fr\/Football\/Article\/Proces-de-benjamin-mendy-a-l-ecoute-des-temoignages-de-ses-proches-l-accuse-a-craque\/1364217\" target=\"_blank\">dredi 11 novembre : <\/a><\/p>\n<p>\n<!-- \/wp:paragraph --><\/p>\n<p align=\"center\"><a href=\"https:\/\/quentinguillon.com\/wp-content\/uploads\/2022\/11\/2022-11-11-Proces-de-Benjamin-Mendy-_-a-lecoute-des-temoignages-de-ses-proches-laccuse-a-pleure-LEquipe.pdf\" class=\"pdfemb-viewer\" style=\"\" data-width=\"max\" data-height=\"max\"  data-toolbar=\"bottom\" data-toolbar-fixed=\"off\">2022-11-11-Proces-de-Benjamin-Mendy-_-a-lecoute-des-temoignages-de-ses-proches-laccuse-a-pleure-LEquipe<br\/><\/a> <\/p>","protected":false},"excerpt":{"rendered":"<p>&#8220;Il est 14h52 heure locale (15h52 en France), ce lundi, quand Benjamin Mendy quitte le box des accus\u00e9s et s&#8217;assoit, au c\u00f4t\u00e9 d&#8217;une interpr\u00e8te, face aux douze jur\u00e9s du Crown Court de Chester (Cheshire). Le moment est tr\u00e8s attendu depuis le proc\u00e8s entam\u00e9 le 10&nbsp;ao\u00fbt. Benjamin Mendy avait alors l\u00e2ch\u00e9 deux mots&nbsp;:&nbsp;\u00ab&nbsp;not guilty&nbsp;\u00bb,&nbsp;\u00ab&nbsp;non coupable&nbsp;\u00bb&nbsp;des nombreuses [&hellip;]<\/p>\n","protected":false},"author":1,"featured_media":0,"comment_status":"open","ping_status":"open","sticky":false,"template":"","format":"standard","meta":[],"categories":[13,12],"tags":[],"_links":{"self":[{"href":"https:\/\/quentinguillon.com\/index.php\/wp-json\/wp\/v2\/posts\/2739"}],"collection":[{"href":"https:\/\/quentinguillon.com\/index.php\/wp-json\/wp\/v2\/posts"}],"about":[{"href":"https:\/\/quentinguillon.com\/index.php\/wp-json\/wp\/v2\/types\/post"}],"author":[{"embeddable":true,"href":"https:\/\/quentinguillon.com\/index.php\/wp-json\/wp\/v2\/users\/1"}],"replies":[{"embeddable":true,"href":"https:\/\/quentinguillon.com\/index.php\/wp-json\/wp\/v2\/comments?post=2739"}],"version-history":[{"count":10,"href":"https:\/\/quentinguillon.com\/index.php\/wp-json\/wp\/v2\/posts\/2739\/revisions"}],"predecessor-version":[{"id":2758,"href":"https:\/\/quentinguillon.com\/index.php\/wp-json\/wp\/v2\/posts\/2739\/revisions\/2758"}],"wp:attachment":[{"href":"https:\/\/quentinguillon.com\/index.php\/wp-json\/wp\/v2\/media?parent=2739"}],"wp:term":[{"taxonomy":"category","embeddable":true,"href":"https:\/\/quentinguillon.com\/index.php\/wp-json\/wp\/v2\/categories?post=2739"},{"taxonomy":"post_tag","embeddable":true,"href":"https:\/\/quentinguillon.com\/index.php\/wp-json\/wp\/v2\/tags?post=2739"}],"curies":[{"name":"wp","href":"https:\/\/api.w.org\/{rel}","templated":true}]}}