{"id":713,"date":"2018-08-08T19:18:37","date_gmt":"2018-08-08T17:18:37","guid":{"rendered":"http:\/\/quentinguillon.com\/?p=713"},"modified":"2023-06-28T11:02:13","modified_gmt":"2023-06-28T09:02:13","slug":"morhad-amdouni-la-une-de-lequipe-et-un-coup-de-boost-pour-le-10-000-metres","status":"publish","type":"post","link":"https:\/\/quentinguillon.com\/index.php\/2018\/08\/08\/morhad-amdouni-la-une-de-lequipe-et-un-coup-de-boost-pour-le-10-000-metres\/","title":{"rendered":"Morhad Amdouni, la Une de L&#8217;Equipe et un coup de boost pour le 10 000 m\u00e8tres?"},"content":{"rendered":"<p><strong><span style=\"color: #ebb667;\"><a style=\"color: #ebb667;\" href=\"https:\/\/www.vo2.fr\/morhad-amdouni-jattendais-ce-titre-depuis-longtemps\/\" target=\"_blank\" rel=\"noopener\">Le titre de Morhad Amdouni<\/a> <\/span>aux championnats d&#8217;Europe d&#8217;athl\u00e9tisme \u00e0 Berlin a mis en lumi\u00e8re le 10 000 m\u00e8tres et, plus globalement, le demi-fond long. Un feu de paille ou un vrai coup d&#8217;acc\u00e9l\u00e9rateur ?\u00a0<\/strong><\/p>\n<p>Morhad Amdouni et le demi-fond long tricolore peuvent remercier et Jimmy Vicaut et K\u00e9vin Mayer. Car si les ischios du sprinteur n&#8217;avaient pas une nouvelle fois siffl\u00e9, entravant sa route vers un titre continental qui lui semblait promis ; et si K\u00e9vin Mayer s&#8217;\u00e9tait pr\u00e9sent\u00e9 \u00e0 mi-parcours de son d\u00e9cathlon sur les bases du record du Monde au lieu d&#8217;abandonner \u00e0 l&#8217;issue de la longueur, o\u00f9 il a mordu \u00e0 trois reprises la plasticine, Morhad Amdouni aurait-il <strong>fait la Une de <em>L&#8217;Equipe<\/em><\/strong> en ce mardi 7 ao\u00fbt ?<\/p>\n<p><center>&nbsp;<\/p>\n<blockquote class=\"instagram-media\" style=\"background: #FFF; border: 0; border-radius: 3px; box-shadow: 0 0 1px 0 rgba(0,0,0,0.5),0 1px 10px 0 rgba(0,0,0,0.15); margin: 1px; max-width: 540px; min-width: 326px; padding: 0; width: calc(100% - 2px);\" data-instgrm-captioned=\"\" data-instgrm-permalink=\"https:\/\/www.instagram.com\/p\/BmNguj9FPKZ\/?utm_source=ig_embed\" data-instgrm-version=\"9\">\n<div style=\"padding: 8px;\">\n<div style=\"background: #F8F8F8; line-height: 0; margin-top: 40px; padding: 50.0% 0; text-align: center; width: 100%;\">\n<div style=\"background: url(data:image\/png; base64,ivborw0kggoaaaansuheugaaacwaaaascamaaaapwqozaaaabgdbtueaalgpc\/xhbqaaaafzukdcak7ohokaaaamuexurczmzpf399fx1+bm5mzy9amaaadisurbvdjlvzxbesmgces5\/p8\/t9furvcrmu73jwlzosgsiizurcjo\/ad+eqjjb4hv8bft+idpqocx1wjosbfhh2xssxeiyn3uli\/6mnree07uiwjev8ueowds88ly97kqytlijkktuybbruayvh5wohixmpi5we58ek028czwyuqdlkpg1bkb4nnm+veanfhqn1k4+gpt6ugqcvu2h2ovuif\/gwufyy8owepdyzsa3avcqpvovvzzz2vtnn2wu8qzvjddeto90gsy9mvlqtgysy231mxry6i2ggqjrty0l8fxcxfcbbhwrsyyaaaaaelftksuqmcc); display: block; height: 44px; margin: 0 auto -44px; position: relative; top: -22px; width: 44px;\"><\/div>\n<\/div>\n<p style=\"margin: 8px 0 0 0; padding: 0 4px;\"><a style=\"color: #000; font-family: Arial,sans-serif; font-size: 14px; font-style: normal; font-weight: normal; line-height: 17px; text-decoration: none; word-wrap: break-word;\" href=\"https:\/\/www.instagram.com\/p\/BmNguj9FPKZ\/?utm_source=ig_embed\" target=\"_blank\" rel=\"noopener\">Depuis combien de temps un demi-fondeur n&#8217;avait-il pas fait la une de L&#8217;Equipe ? For how long has a French runner made the headlines of L&#8217;\u00c9quipe ?<\/a><\/p>\n<p style=\"color: #c9c8cd; font-family: Arial,sans-serif; font-size: 14px; line-height: 17px; margin-bottom: 0; margin-top: 8px; overflow: hidden; padding: 8px 0 7px; text-align: center; text-overflow: ellipsis; white-space: nowrap;\">Une publication partag\u00e9e par <a style=\"color: #c9c8cd; font-family: Arial,sans-serif; font-size: 14px; font-style: normal; font-weight: normal; line-height: 17px;\" href=\"https:\/\/www.instagram.com\/q.guillon\/?utm_source=ig_embed\" target=\"_blank\" rel=\"noopener\"> Quentin Guillon<\/a> (@q.guillon) le <time style=\"font-family: Arial,sans-serif; font-size: 14px; line-height: 17px;\" datetime=\"2018-08-08T08:25:20+00:00\">8 Ao\u00fbt 2018 \u00e0 1\u00a0:25 PDT<\/time><\/p>\n<\/div>\n<\/blockquote>\n<p><script async defer src=\"\/\/www.instagram.com\/embed.js\"><\/script> <\/center><\/p>\n<p>Question de rh\u00e9torique.<\/p>\n<p>21 heures et quelques, dans les entrailles du stade olympique de Berlin. Zone mixte, sise quelques m\u00e8tres en contrebas du tartan berlinois. L\u00e0 o\u00f9 entre des murs sans \u00e2me se rencontrent journalistes et athl\u00e8tes.<\/p>\n<p>Les envoy\u00e9s sp\u00e9ciaux fran\u00e7ais s&#8217;agglutinent autour de Philippe Dupont, intarissable sur &#8220;son&#8221; Morhad Amdouni, qui vient de glaner le titre europ\u00e9en sur 10 000 m\u00e8tres quelques minutes plus t\u00f4t. Soudain, bruissement et vibrations des t\u00e9l\u00e9phones portables. On murmure le <strong>forfait de Jimmy Vicaut<\/strong> pour la finale du 100 m\u00e8tres, disput\u00e9e une demi-heure plus tard.<\/p>\n<p>Les r\u00e9dactions doivent g\u00e9rer l&#8217;impr\u00e9vu, remiser au frigo (c&#8217;est le jargon), voire au cong\u00e9lo les papiers sur la trajectoire non lin\u00e9aire de Vicaut, qui \u00e9taient d\u00e9j\u00e0 presque sous presse.<\/p>\n<blockquote><p>L&#8217;ombre de l&#8217;indiff\u00e9rence g\u00e9n\u00e9rale laisse entrevoir la lumi\u00e8re<\/p><\/blockquote>\n<p>Et aller qu\u00e9rir une foultitude d&#8217;infos sur Amdouni : parcours, blessures, anecdotes. Le demi-fond fran\u00e7ais entrevoit la lumi\u00e8re, lui qui avait beno\u00eetement \u00e9t\u00e9 cantonn\u00e9 dans l&#8217;ombre, par exemple lors des <a href=\"http:\/\/quentinguillon.com\/index.php\/2015\/12\/15\/championnat-deurope-de-cross-2016\/\" target=\"_blank\" rel=\"noopener\"><span style=\"color: #ebb667;\">championnats d&#8217;Europe de cross<\/span><\/a>, pourtant disput\u00e9 \u00e0 domicile (Toulon-Hy\u00e8res) fin 2015.<\/p>\n<p>Au terme d&#8217;une course de tr\u00e8s haut niveau, avec la sarabande oxyg\u00e9n\u00e9e espagnole, les seniors Bleus avaient pris la 2e place par \u00e9quipes (Florian Carvalho 6, Yohan Durand 8e, Morhad Amdouni 9e, Timoth\u00e9e Bommier 12e). Dans l&#8217;indiff\u00e9rence quasi g\u00e9n\u00e9rale&#8230;et \u00e0 peine une page le lendemain rel\u00e9gu\u00e9e au fin fond du seul quotidien sportif fran\u00e7ais.<\/p>\n<p>Ce mercredi 8 ao\u00fbt, Amdouni fait donc la Une de <em>L&#8217;Equipe<\/em>. Sur 5 000 m ou 10 000 m\u00e8tres, ce n&#8217;\u00e9tait plus arriv\u00e9 depuis un certain <a href=\"http:\/\/quentinguillon.com\/index.php\/2017\/01\/01\/michel-jazy-le-maur-aux-dents\/\" target=\"_blank\" rel=\"noopener\"><span style=\"color: #ebb667;\">Michel Jazy<\/span><\/a>.<\/p>\n<blockquote><p>L&#8217;agenda m\u00e9diatique<\/p><\/blockquote>\n<p>C&#8217;est l&#8217;\u00e9t\u00e9, les vacances ; ce sont les championnats estivaux, la piste ; le foot n&#8217;a pas encore repris et comme \u00e0 l&#8217;accoutum\u00e9e, il faut <strong>se glisser entre les interstices de l&#8217;actualit\u00e9<\/strong>. Ou comment les m\u00e9dias font leur propre agenda -consciemment ou non, faut-il le pr\u00e9ciser.<\/p>\n<p>Le demi-fond long en profite, gr\u00e2ce \u00e0 son nouveau champion d&#8217;Europe du 10 000 m\u00e8tres.<\/p>\n<p>Par-del\u00e0 ses chronos d\u00e9tonants apr\u00e8s de longs mois hors jeu, par del\u00e0 le propos parfois entrem\u00eal\u00e9, l&#8217;authenticit\u00e9 de Morhad Amdouni, son insatiable volont\u00e9, peut-\u00eatre corollaire du fait <em>&#8220;qu&#8217;il ne roule pas sur l&#8217;or&#8221;<\/em> dixit Philippe Dupont (Amdouni a plusieurs fois susurr\u00e9 par le pass\u00e9 qu&#8217;il \u00e9tait <em>&#8220;pr\u00eat \u00e0 mourir sur la piste&#8221;<\/em>) vont-ils faire des \u00e9mules ?<\/p>\n<p>Hier en prime time sur France T\u00e9l\u00e9visions, les centaines de milliers de t\u00e9l\u00e9spectateurs qui ont assist\u00e9 \u00e0 sa victoire vont-elles s<strong>e lancer \u00e0 l&#8217;assaut des 25 tours de piste<\/strong> ?<\/p>\n<p>Pour que le 10 000 m\u00e8tres, <span style=\"color: #ebb667;\"><a style=\"color: #ebb667;\" href=\"https:\/\/www.vo2.fr\/open-106\/\" target=\"_blank\" rel=\"noopener\">discipline moribonde<\/a><\/span> depuis une pl\u00e9thore d&#8217;ann\u00e9es mais qui a retrouv\u00e9 un <strong>second souffle cette ann\u00e9e<\/strong> dans le sillage d&#8217;Amdouni, de la com\u00e8te Fran\u00e7ois Barrer (dont les 27&#8217;55&#8221;95 ont \u00e9baubi le microcosme) et de Florian Carvalho, qui a r\u00e9ussi avec brio son passage sur le 10 000 m (8e hier), ne retombe pas dans le triste anonymat qui l&#8217;enveloppe d&#8217;ordinaire.<\/p>\n<p>&nbsp;<\/p>\n","protected":false},"excerpt":{"rendered":"<p>Le titre de Morhad Amdouni aux championnats d&#8217;Europe d&#8217;athl\u00e9tisme \u00e0 Berlin a mis en lumi\u00e8re le 10 000 m\u00e8tres et, plus globalement, le demi-fond long. Un feu de paille ou un vrai coup d&#8217;acc\u00e9l\u00e9rateur ?\u00a0 Morhad Amdouni et le demi-fond long tricolore peuvent remercier et Jimmy Vicaut et K\u00e9vin Mayer. Car si les ischios du [&hellip;]<\/p>\n","protected":false},"author":1,"featured_media":715,"comment_status":"open","ping_status":"open","sticky":false,"template":"","format":"standard","meta":[],"categories":[5],"tags":[104,63,119,64],"_links":{"self":[{"href":"https:\/\/quentinguillon.com\/index.php\/wp-json\/wp\/v2\/posts\/713"}],"collection":[{"href":"https:\/\/quentinguillon.com\/index.php\/wp-json\/wp\/v2\/posts"}],"about":[{"href":"https:\/\/quentinguillon.com\/index.php\/wp-json\/wp\/v2\/types\/post"}],"author":[{"embeddable":true,"href":"https:\/\/quentinguillon.com\/index.php\/wp-json\/wp\/v2\/users\/1"}],"replies":[{"embeddable":true,"href":"https:\/\/quentinguillon.com\/index.php\/wp-json\/wp\/v2\/comments?post=713"}],"version-history":[{"count":9,"href":"https:\/\/quentinguillon.com\/index.php\/wp-json\/wp\/v2\/posts\/713\/revisions"}],"predecessor-version":[{"id":842,"href":"https:\/\/quentinguillon.com\/index.php\/wp-json\/wp\/v2\/posts\/713\/revisions\/842"}],"wp:featuredmedia":[{"embeddable":true,"href":"https:\/\/quentinguillon.com\/index.php\/wp-json\/wp\/v2\/media\/715"}],"wp:attachment":[{"href":"https:\/\/quentinguillon.com\/index.php\/wp-json\/wp\/v2\/media?parent=713"}],"wp:term":[{"taxonomy":"category","embeddable":true,"href":"https:\/\/quentinguillon.com\/index.php\/wp-json\/wp\/v2\/categories?post=713"},{"taxonomy":"post_tag","embeddable":true,"href":"https:\/\/quentinguillon.com\/index.php\/wp-json\/wp\/v2\/tags?post=713"}],"curies":[{"name":"wp","href":"https:\/\/api.w.org\/{rel}","templated":true}]}}