{"id":773,"date":"2018-08-11T14:37:42","date_gmt":"2018-08-11T12:37:42","guid":{"rendered":"http:\/\/quentinguillon.com\/?p=773"},"modified":"2018-08-11T18:25:51","modified_gmt":"2018-08-11T16:25:51","slug":"marche-ou-creve-quand-la-marche-athletique-fait-sa-revolution","status":"publish","type":"post","link":"https:\/\/quentinguillon.com\/index.php\/2018\/08\/11\/marche-ou-creve-quand-la-marche-athletique-fait-sa-revolution\/","title":{"rendered":"Marche ou cr\u00e8ve\u00a0: quand la marche athl\u00e9tique fait sa r\u00e9volution"},"content":{"rendered":"<p><strong>Technologie en lieu et place du jugement de l&#8217;oeil humain, introduction des zones de p\u00e9nalit\u00e9, la marche athl\u00e9tique est en pleine r\u00e9flexion. L\u2019enjeu\u00a0? Se r\u00e9inventer pour ne pas mourir.<\/strong><\/p>\n<p>Mai dernier, coupe du Monde par \u00e9quipes \u00e0 Taicang en Chine. Robert Korzeniowski, quadruple champion olympique et triple champion du Monde du 50 km marche, pr\u00e9sente \u00e0 l\u2019assembl\u00e9e un objet r\u00e9volutionnaire\u00a0: une semelle connect\u00e9e capable d\u2019\u00e9tablir si l\u2019athl\u00e8te est en suspension, ou pas.<\/p>\n<p>La marche athl\u00e9tique repose sur deux r\u00e8gles fondamentales\u00a0: l\u2019athl\u00e8te doit \u00eatre constamment en contact avec le sol (au bout de trois cartons rouges, il est disqualifi\u00e9) et la jambe qui avance doit obligatoirement \u00eatre tendue. L\u2019\u0153il humain fait foi.<\/p>\n<p>Sauf que les images vid\u00e9os slow motion d\u00e9mentent bien souvent la premi\u00e8re r\u00e8gle.<\/p>\n<p><em>(Saurez-vous reconna\u00eetre les coureurs des marcheurs ?)<\/em><\/p>\n<blockquote class=\"twitter-tweet tw-align-center\" data-lang=\"fr\">\n<p dir=\"ltr\" lang=\"en\">Huge crowds thronged the European Mile for the 20km race walk this morning!<a href=\"https:\/\/twitter.com\/hashtag\/EC2018?src=hash&amp;ref_src=twsrc%5Etfw\">#EC2018<\/a> <a href=\"https:\/\/t.co\/iaNP8G4LcD\">pic.twitter.com\/iaNP8G4LcD<\/a><\/p>\n<p>\u2014 European Athletics (@EuroAthletics) <a href=\"https:\/\/twitter.com\/EuroAthletics\/status\/1028235361934368768?ref_src=twsrc%5Etfw\">11 ao\u00fbt 2018<\/a><\/p><\/blockquote>\n<p><script async src=\"https:\/\/platform.twitter.com\/widgets.js\" charset=\"utf-8\"><\/script><\/p>\n<p>Il y a environ quatre ans, l\u2019universit\u00e9 de technologie de Catalogne a donc propos\u00e9 \u00e0 la F\u00e9d\u00e9ration internationale (IAAF) cette semelle connect\u00e9e, renseigne Robert Korzeniowski, qui commente les championnats d\u2019Europe de Berlin pour Eurosport.<\/p>\n<blockquote><p><em>\u00ab\u00a0On sait tr\u00e8s bien que le temps de suspension z\u00e9ro n\u2019existe pratiquement pas\u00a0\u00bb<\/em> explique t-il.<\/p><\/blockquote>\n<p><em>\u00ab\u00a0R\u00e9cemment, sur une comp\u00e9tition que j\u2019organisais, deux femmes \u00e9taient au coude-\u00e0-coude. Il \u00e9tait difficile de juger laquelle des deux courait plus que l\u2019autre\u2026\u00a0\u00bb<\/em> se lamente l\u2019ancien marcheur.<\/p>\n<p>Il est question de relier les donn\u00e9es envoy\u00e9es par la semelle \u2013tr\u00e8s fine, elle se glisse sous les semelles des chaussures <strong>(1)<\/strong>&#8211; \u00e0 la montre. A la mani\u00e8re des montres connect\u00e9es, en somme.<\/p>\n<p>L\u2019outil est brevet\u00e9 et se perfectionne. Il n\u2019est pas commercialis\u00e9 et ne sera pas op\u00e9rationnel pour les Jeux 2020. Surtout, reste \u00e0 (re)d\u00e9finir les r\u00e8gles aff\u00e9rentes.<\/p>\n<p><strong>Quel degr\u00e9 de tol\u00e9rance\u00a0?<\/strong><\/p>\n<p>Tol\u00e9rance z\u00e9ro\u00a0? Si la montre d\u00e9tecte un temps de suspension, l\u2019athl\u00e8te est-il automatiquement averti\u00a0?<\/p>\n<p>Un temps de suspension sera-t-il tol\u00e9r\u00e9\u00a0? Si oui, \u00e0 quel curseur le placer\u00a0? Faut-il \u00e9tablir une tol\u00e9rance bas\u00e9e sur la moyenne d\u2019un temps de suspension moyen par kilom\u00e8tre, ou par tour de circuit, interroge Pascal Chirat, r\u00e9f\u00e9rent marche aupr\u00e8s de la F\u00e9d\u00e9ration Fran\u00e7ais d\u2019Athl\u00e9tisme (FFA)\u00a0?<\/p>\n<p><em>\u00ab\u00a0Il faudra trouver un moyen pour savoir \u00e0 quel moment la perte de contact au sol donne un b\u00e9n\u00e9fice suppl\u00e9mentaire \u00e0 l\u2019athl\u00e8te\u00a0\u00bb<\/em> analyse Robert Korzeniowski.<\/p>\n<p><strong><em>\u00ab\u00a0Pas les derniers militants de la marche \u00e0 l\u2019ancienne \u00bb<\/em><\/strong><\/p>\n<p>Question\u00a0: les athl\u00e8tes pourront-ils avoir acc\u00e8s \u00e0 ces informations en live\u00a0? Et de fait, pourront-ils r\u00e9guler leur allure\u00a0? Ou ces informations seront-elles uniquement \u00e0 la disposition des juges\u00a0?<\/p>\n<p><em>\u00ab\u00a0La discipline doit \u00eatre transparente, avec des r\u00e8gles compr\u00e9hensibles par tout le monde si on veut vraiment d\u00e9velopper la marche \u00e0 travers le monde, comme la course \u00e0 pied l\u2019a fait. Il nous faut aussi des moyens pour int\u00e9grer la marche aux \u00e9v\u00e8nements de masse\u00a0\u00bb <\/em>glisse Robert Korzeniowski.<\/p>\n<figure id=\"attachment_784\" aria-describedby=\"caption-attachment-784\" style=\"width: 800px\" class=\"wp-caption aligncenter\"><img decoding=\"async\" loading=\"lazy\" class=\"size-full wp-image-784\" src=\"http:\/\/quentinguillon.com\/wp-content\/uploads\/2018\/08\/Diniz.jpg\" alt=\"\" width=\"800\" height=\"600\" srcset=\"https:\/\/quentinguillon.com\/wp-content\/uploads\/2018\/08\/Diniz.jpg 800w, https:\/\/quentinguillon.com\/wp-content\/uploads\/2018\/08\/Diniz-300x225.jpg 300w, https:\/\/quentinguillon.com\/wp-content\/uploads\/2018\/08\/Diniz-768x576.jpg 768w\" sizes=\"(max-width: 800px) 100vw, 800px\" \/><figcaption id=\"caption-attachment-784\" class=\"wp-caption-text\"><em>Yohann Diniz aux championnats de France de 20 km en mars \u00e0 M\u00e9rignac<\/em><\/figcaption><\/figure>\n<p>L\u2019id\u00e9e, \u00e0 terme, est que le marcheur lambda puisse savoir s\u2019il est dans les r\u00e8gles, gr\u00e2ce \u00e0 cet outil. Qui permettrait aussi de faciliter l\u2019organisation de comp\u00e9titions amateurs, o\u00f9 <em>\u00ab\u00a0il faut des arbitres certifi\u00e9s\u00a0\u00bb, o\u00f9 \u00ab\u00a0on ne peut pas faire de grands circuits en ville\u00a0\u00bb <\/em>regrette le Polonais, qui ass\u00e8ne :\u00a0<em>\u00ab\u00a0On ne veut pas \u00eatre les derniers militants de la marche \u00e0 l\u2019ancienne. \u00c7a serait stupide\u00a0\u00bb<\/em>.<\/p>\n<p><strong>Tournant<\/strong><\/p>\n<p>La marche athl\u00e9tique est \u00e0 un tournant. Son avenir olympique \u2013surtout le 50 km- est en suspens pour l\u2019apr\u00e8s Tokyo 2020. Un comit\u00e9 pr\u00e9sid\u00e9 par l\u2019Italien Maurizio Damilano, double champion du Monde et champion olympique sur 20 km, a list\u00e9 les \u00e9cueils actuels\u00a0: panne de cr\u00e9dibilit\u00e9 apr\u00e8s les multiples cas de dopage\u00a0; d\u00e9sint\u00e9ressement du jeune public et des t\u00e9l\u00e9visions.<\/p>\n<p>Depuis la Coupe du Monde par \u00e9quipes de Taicang, en mai dernier, <em>\u00ab\u00a0une 4<sup>e<\/sup> chance au marcheur\u00a0\u00bb<\/em> est d\u00e9sormais offerte \u00e0 l\u2019athl\u00e8te lorsqu\u2019il a \u00e9t\u00e9 averti de trois cartons rouges. Au lieu de se voir disqualifi\u00e9, il doit patienter dans une zone de p\u00e9nalit\u00e9\u00a0: une minute par tranche de 10 kilom\u00e8tres (donc cinq pour un 50 bornes). Le syst\u00e8me sera utilis\u00e9 pour les Mondiaux 2019 \u00e0 Doha.<\/p>\n<p>Quand la discipline fait parler d\u2019elle, les r\u00e9seaux sociaux se moquent des soucis gastriques de Yohann Diniz, \u00e0 Rio. <em>\u00ab\u00a0C\u2019est du mauvais buzz\u00a0\u00bb<\/em> dit Pascal Chirat.\u00a0<em>\u00ab\u00a0Les parents qui voient \u00e7a ne vont pas inciter leurs enfants \u00e0 faire de la marche\u00a0\u00bb <\/em>pense t-il.<\/p>\n<p><strong>Un relais mixte\u00a0? <\/strong><\/p>\n<p>Le comit\u00e9 avait ainsi propos\u00e9 pour Tokyo 2020 de modifier la nature des \u00e9preuves\u00a0: transformation des 20 km homme et femme en un semi-marathon (peu ou prou la m\u00eame chose), mais surtout, disparition du 50 km masculin au profit d\u2019un relais mixte de 4 x 5\u00a0000 m\u00e8tres (disput\u00e9 sur la piste et non pas sur route). Des relais mixte de plus en plus pr\u00e9sents dans les sports olympiques (natation, triathlon etc\u2026).<\/p>\n<p><img decoding=\"async\" loading=\"lazy\" class=\"aligncenter size-full wp-image-787\" src=\"http:\/\/quentinguillon.com\/wp-content\/uploads\/2018\/08\/Marche-2.jpg\" alt=\"\" width=\"800\" height=\"600\" srcset=\"https:\/\/quentinguillon.com\/wp-content\/uploads\/2018\/08\/Marche-2.jpg 800w, https:\/\/quentinguillon.com\/wp-content\/uploads\/2018\/08\/Marche-2-300x225.jpg 300w, https:\/\/quentinguillon.com\/wp-content\/uploads\/2018\/08\/Marche-2-768x576.jpg 768w\" sizes=\"(max-width: 800px) 100vw, 800px\" \/><\/p>\n<p>Le conseil de l\u2019IAAF, qui a le pouvoir de d\u00e9cision, a retoqu\u00e9 ces propositions en avril 2017 \u2013 une soixantaine de marcheurs avait milit\u00e9 contre la suppression du 50 km. Le 50 km masculin a \u00e9t\u00e9 maintenu et son pendant f\u00e9minin a \u00e9t\u00e9 inclus au dernier moment aux Mondiaux de Londres l\u2019\u00e9t\u00e9 dernier.<\/p>\n<p>L\u2019\u00e9preuve est mixte. 6 concurrentes avaient \u00e9t\u00e9 class\u00e9es \u00e0 Londres\u00a0; 14 \u00e0 Berlin. <a href=\"https:\/\/www.vo2.fr\/50-km-marche-les-femmes-font-lhistoire\/\" target=\"_blank\" rel=\"noopener\"><span style=\"color: #ebb667;\">La Portugaise Ines Henriques<\/span><\/a> s&#8217;est impos\u00e9e \u00e0 ces deux occasions. Il se pourrait qu\u2019un 50 km f\u00e9minin soit int\u00e9gr\u00e9 au programme olympique \u00e0 Tokyo, mais rien n\u2019est encore officiel.<\/p>\n<blockquote class=\"twitter-tweet tw-align-center\" data-lang=\"fr\">\n<p dir=\"ltr\" lang=\"en\">Good things come to those who wait!<\/p>\n<p>Sixteen years after making her European Championships debut, Portugal&#8217;s Ines Henriques won the inaugural staging of the women&#8217;s 50km race walk in 4:09:21. <a href=\"https:\/\/twitter.com\/hashtag\/EC2018?src=hash&amp;ref_src=twsrc%5Etfw\">#EC2018<\/a> <a href=\"https:\/\/twitter.com\/hashtag\/TheMoment?src=hash&amp;ref_src=twsrc%5Etfw\">#TheMoment<\/a> <a href=\"https:\/\/t.co\/geZHWfYyvf\">pic.twitter.com\/geZHWfYyvf<\/a><\/p>\n<p>\u2014 European Athletics (@EuroAthletics) <a href=\"https:\/\/twitter.com\/EuroAthletics\/status\/1026867062407356421?ref_src=twsrc%5Etfw\">7 ao\u00fbt 2018<\/a><\/p><\/blockquote>\n<p><script async src=\"https:\/\/platform.twitter.com\/widgets.js\" charset=\"utf-8\"><\/script><br \/>\n<em>\u00ab\u00a0Il faut toujours se demander o\u00f9 on l\u2019on va\u00a0\u00bb<\/em> contextualise Robert Korzeniowski. <em>\u00ab\u00a0Cette comp\u00e9tition simultan\u00e9e d\u00e9valorise un peu les femmes. (A Berlin), la t\u00e9l\u00e9 n\u2019a montr\u00e9 presque que les hommes. C\u2019est un peu du bricolage et c\u2019est triste\u00a0\u00bb<\/em>.<\/p>\n<p>De quoi relancer l\u2019id\u00e9e du relais mixte\u00a0? <em>\u00ab\u00a0On discute, je ne peux pas en dire beaucoup plus. Personnellement, je pense que ce relais mixte serait une bonne solution\u00a0\u00bb<\/em>.<\/p>\n<p><strong>Photo de une :<\/strong> Emilie Menuet lors des Mondiaux de P\u00e9kin en 2015 (Photo Q.G).<\/p>\n<p><strong>(1)<\/strong> Les premiers tests avaient \u00e9t\u00e9 effectu\u00e9s avec des capteurs sur les chaussures elles-m\u00eames. Mais le syst\u00e8me n\u2019\u00e9tait pas viable devant la disparit\u00e9 des chaussures utilis\u00e9es.<\/p>\n","protected":false},"excerpt":{"rendered":"<p>Technologie en lieu et place du jugement de l&#8217;oeil humain, introduction des zones de p\u00e9nalit\u00e9, la marche athl\u00e9tique est en pleine r\u00e9flexion. L\u2019enjeu\u00a0? Se r\u00e9inventer pour ne pas mourir. Mai dernier, coupe du Monde par \u00e9quipes \u00e0 Taicang en Chine. Robert Korzeniowski, quadruple champion olympique et triple champion du Monde du 50 km marche, pr\u00e9sente [&hellip;]<\/p>\n","protected":false},"author":1,"featured_media":774,"comment_status":"open","ping_status":"open","sticky":false,"template":"","format":"standard","meta":[],"categories":[12],"tags":[128,127,129],"_links":{"self":[{"href":"https:\/\/quentinguillon.com\/index.php\/wp-json\/wp\/v2\/posts\/773"}],"collection":[{"href":"https:\/\/quentinguillon.com\/index.php\/wp-json\/wp\/v2\/posts"}],"about":[{"href":"https:\/\/quentinguillon.com\/index.php\/wp-json\/wp\/v2\/types\/post"}],"author":[{"embeddable":true,"href":"https:\/\/quentinguillon.com\/index.php\/wp-json\/wp\/v2\/users\/1"}],"replies":[{"embeddable":true,"href":"https:\/\/quentinguillon.com\/index.php\/wp-json\/wp\/v2\/comments?post=773"}],"version-history":[{"count":8,"href":"https:\/\/quentinguillon.com\/index.php\/wp-json\/wp\/v2\/posts\/773\/revisions"}],"predecessor-version":[{"id":783,"href":"https:\/\/quentinguillon.com\/index.php\/wp-json\/wp\/v2\/posts\/773\/revisions\/783"}],"wp:featuredmedia":[{"embeddable":true,"href":"https:\/\/quentinguillon.com\/index.php\/wp-json\/wp\/v2\/media\/774"}],"wp:attachment":[{"href":"https:\/\/quentinguillon.com\/index.php\/wp-json\/wp\/v2\/media?parent=773"}],"wp:term":[{"taxonomy":"category","embeddable":true,"href":"https:\/\/quentinguillon.com\/index.php\/wp-json\/wp\/v2\/categories?post=773"},{"taxonomy":"post_tag","embeddable":true,"href":"https:\/\/quentinguillon.com\/index.php\/wp-json\/wp\/v2\/tags?post=773"}],"curies":[{"name":"wp","href":"https:\/\/api.w.org\/{rel}","templated":true}]}}